{"id":5316,"date":"2016-12-24T09:43:07","date_gmt":"2016-12-24T08:43:07","guid":{"rendered":"http:\/\/krzyza.strzelin.archidiecezja.wroc.pl\/?p=5316"},"modified":"2016-12-26T18:50:19","modified_gmt":"2016-12-26T17:50:19","slug":"wigilia-liturgicznej-sluzby-oltarza","status":"publish","type":"post","link":"http:\/\/krzyza.strzelin.archidiecezja.wroc.pl\/?p=5316","title":{"rendered":"Wigilia Liturgicznej S\u0142u\u017cby O\u0142tarza"},"content":{"rendered":"<p style=\"text-align: center;\">Spotkanie op\u0142atkowe Liturgicznej S\u0142u\u017cby O\u0142tarza mia\u0142o miejsce w pi\u0105tek, 23 grudnia. Ceremoniarze, lektorzy oraz ministranci wraz z ks. Przemys\u0142awem &#8211; opiekunem LSO &#8211; spotkali si\u0119, aby podzieli\u0107 si\u0119 op\u0142atkiem, z\u0142o\u017cy\u0107 \u017cyczenia oraz sp\u0119dzi\u0107 wsp\u00f3lnie czas.<\/p>\n<p style=\"text-align: center;\"><!--more--><\/p>\n\n\t\t<style type=\"text\/css\">\n\t\t\t#gallery-1 {\n\t\t\t\tmargin: auto;\n\t\t\t}\n\t\t\t#gallery-1 .gallery-item {\n\t\t\t\tfloat: left;\n\t\t\t\tmargin-top: 10px;\n\t\t\t\ttext-align: center;\n\t\t\t\twidth: 33%;\n\t\t\t}\n\t\t\t#gallery-1 img {\n\t\t\t\tborder: 2px solid #cfcfcf;\n\t\t\t}\n\t\t\t#gallery-1 .gallery-caption {\n\t\t\t\tmargin-left: 0;\n\t\t\t}\n\t\t\t\/* see gallery_shortcode() in wp-includes\/media.php *\/\n\t\t<\/style>\n\t\t<div id='gallery-1' class='gallery galleryid-5316 gallery-columns-3 gallery-size-thumbnail'><dl class='gallery-item'>\n\t\t\t<dt class='gallery-icon landscape'>\n\t\t\t\t<a href='http:\/\/krzyza.strzelin.archidiecezja.wroc.pl\/wp-content\/uploads\/2016\/12\/IMG_6155.jpg' title=\"\" data-rl_title=\"\" class=\"rl-gallery-link\" data-rl_caption=\"\" data-rel=\"lightbox-gallery-1\"><img width=\"150\" height=\"150\" src=\"http:\/\/krzyza.strzelin.archidiecezja.wroc.pl\/wp-content\/uploads\/2016\/12\/IMG_6155-150x150.jpg\" class=\"attachment-thumbnail size-thumbnail\" alt=\"\" decoding=\"async\" loading=\"lazy\" \/><\/a>\n\t\t\t<\/dt><\/dl><dl class='gallery-item'>\n\t\t\t<dt class='gallery-icon portrait'>\n\t\t\t\t<a href='http:\/\/krzyza.strzelin.archidiecezja.wroc.pl\/wp-content\/uploads\/2016\/12\/IMG_6157.jpg' title=\"\" data-rl_title=\"\" class=\"rl-gallery-link\" data-rl_caption=\"\" data-rel=\"lightbox-gallery-1\"><img width=\"150\" height=\"150\" src=\"http:\/\/krzyza.strzelin.archidiecezja.wroc.pl\/wp-content\/uploads\/2016\/12\/IMG_6157-150x150.jpg\" class=\"attachment-thumbnail size-thumbnail\" alt=\"\" decoding=\"async\" loading=\"lazy\" \/><\/a>\n\t\t\t<\/dt><\/dl><dl class='gallery-item'>\n\t\t\t<dt class='gallery-icon portrait'>\n\t\t\t\t<a href='http:\/\/krzyza.strzelin.archidiecezja.wroc.pl\/wp-content\/uploads\/2016\/12\/IMG_6164.jpg' title=\"\" data-rl_title=\"\" class=\"rl-gallery-link\" data-rl_caption=\"\" data-rel=\"lightbox-gallery-1\"><img width=\"150\" height=\"150\" src=\"http:\/\/krzyza.strzelin.archidiecezja.wroc.pl\/wp-content\/uploads\/2016\/12\/IMG_6164-150x150.jpg\" class=\"attachment-thumbnail size-thumbnail\" alt=\"\" decoding=\"async\" loading=\"lazy\" \/><\/a>\n\t\t\t<\/dt><\/dl><br style=\"clear: both\" \/><dl class='gallery-item'>\n\t\t\t<dt class='gallery-icon portrait'>\n\t\t\t\t<a href='http:\/\/krzyza.strzelin.archidiecezja.wroc.pl\/wp-content\/uploads\/2016\/12\/IMG_6170.jpg' title=\"\" data-rl_title=\"\" class=\"rl-gallery-link\" data-rl_caption=\"\" data-rel=\"lightbox-gallery-1\"><img width=\"150\" height=\"150\" src=\"http:\/\/krzyza.strzelin.archidiecezja.wroc.pl\/wp-content\/uploads\/2016\/12\/IMG_6170-150x150.jpg\" class=\"attachment-thumbnail size-thumbnail\" alt=\"\" decoding=\"async\" loading=\"lazy\" \/><\/a>\n\t\t\t<\/dt><\/dl><dl class='gallery-item'>\n\t\t\t<dt class='gallery-icon portrait'>\n\t\t\t\t<a href='http:\/\/krzyza.strzelin.archidiecezja.wroc.pl\/wp-content\/uploads\/2016\/12\/IMG_6171.jpg' title=\"\" data-rl_title=\"\" class=\"rl-gallery-link\" data-rl_caption=\"\" data-rel=\"lightbox-gallery-1\"><img width=\"150\" height=\"150\" src=\"http:\/\/krzyza.strzelin.archidiecezja.wroc.pl\/wp-content\/uploads\/2016\/12\/IMG_6171-150x150.jpg\" class=\"attachment-thumbnail size-thumbnail\" alt=\"\" decoding=\"async\" loading=\"lazy\" \/><\/a>\n\t\t\t<\/dt><\/dl><dl class='gallery-item'>\n\t\t\t<dt class='gallery-icon portrait'>\n\t\t\t\t<a href='http:\/\/krzyza.strzelin.archidiecezja.wroc.pl\/wp-content\/uploads\/2016\/12\/IMG_6172.jpg' title=\"\" data-rl_title=\"\" class=\"rl-gallery-link\" data-rl_caption=\"\" data-rel=\"lightbox-gallery-1\"><img width=\"150\" height=\"150\" src=\"http:\/\/krzyza.strzelin.archidiecezja.wroc.pl\/wp-content\/uploads\/2016\/12\/IMG_6172-150x150.jpg\" class=\"attachment-thumbnail size-thumbnail\" alt=\"\" decoding=\"async\" loading=\"lazy\" \/><\/a>\n\t\t\t<\/dt><\/dl><br style=\"clear: both\" \/><dl class='gallery-item'>\n\t\t\t<dt class='gallery-icon portrait'>\n\t\t\t\t<a href='http:\/\/krzyza.strzelin.archidiecezja.wroc.pl\/wp-content\/uploads\/2016\/12\/IMG_6174.jpg' title=\"\" data-rl_title=\"\" class=\"rl-gallery-link\" data-rl_caption=\"\" data-rel=\"lightbox-gallery-1\"><img width=\"150\" height=\"150\" src=\"http:\/\/krzyza.strzelin.archidiecezja.wroc.pl\/wp-content\/uploads\/2016\/12\/IMG_6174-150x150.jpg\" class=\"attachment-thumbnail size-thumbnail\" alt=\"\" decoding=\"async\" loading=\"lazy\" \/><\/a>\n\t\t\t<\/dt><\/dl><dl class='gallery-item'>\n\t\t\t<dt class='gallery-icon landscape'>\n\t\t\t\t<a href='http:\/\/krzyza.strzelin.archidiecezja.wroc.pl\/wp-content\/uploads\/2016\/12\/IMG_6175.jpg' title=\"\" data-rl_title=\"\" class=\"rl-gallery-link\" data-rl_caption=\"\" data-rel=\"lightbox-gallery-1\"><img width=\"150\" height=\"150\" src=\"http:\/\/krzyza.strzelin.archidiecezja.wroc.pl\/wp-content\/uploads\/2016\/12\/IMG_6175-150x150.jpg\" class=\"attachment-thumbnail size-thumbnail\" alt=\"\" decoding=\"async\" loading=\"lazy\" \/><\/a>\n\t\t\t<\/dt><\/dl><dl class='gallery-item'>\n\t\t\t<dt class='gallery-icon landscape'>\n\t\t\t\t<a href='http:\/\/krzyza.strzelin.archidiecezja.wroc.pl\/wp-content\/uploads\/2016\/12\/IMG_6176.jpg' title=\"\" data-rl_title=\"\" class=\"rl-gallery-link\" data-rl_caption=\"\" data-rel=\"lightbox-gallery-1\"><img width=\"150\" height=\"150\" src=\"http:\/\/krzyza.strzelin.archidiecezja.wroc.pl\/wp-content\/uploads\/2016\/12\/IMG_6176-150x150.jpg\" class=\"attachment-thumbnail size-thumbnail\" alt=\"\" decoding=\"async\" loading=\"lazy\" \/><\/a>\n\t\t\t<\/dt><\/dl><br style=\"clear: both\" \/><dl class='gallery-item'>\n\t\t\t<dt class='gallery-icon portrait'>\n\t\t\t\t<a href='http:\/\/krzyza.strzelin.archidiecezja.wroc.pl\/wp-content\/uploads\/2016\/12\/IMG_6180.jpg' title=\"\" data-rl_title=\"\" class=\"rl-gallery-link\" data-rl_caption=\"\" data-rel=\"lightbox-gallery-1\"><img width=\"150\" height=\"150\" src=\"http:\/\/krzyza.strzelin.archidiecezja.wroc.pl\/wp-content\/uploads\/2016\/12\/IMG_6180-150x150.jpg\" class=\"attachment-thumbnail size-thumbnail\" alt=\"\" decoding=\"async\" loading=\"lazy\" \/><\/a>\n\t\t\t<\/dt><\/dl><dl class='gallery-item'>\n\t\t\t<dt class='gallery-icon landscape'>\n\t\t\t\t<a href='http:\/\/krzyza.strzelin.archidiecezja.wroc.pl\/wp-content\/uploads\/2016\/12\/IMG_6181.jpg' title=\"\" data-rl_title=\"\" class=\"rl-gallery-link\" data-rl_caption=\"\" data-rel=\"lightbox-gallery-1\"><img width=\"150\" height=\"150\" src=\"http:\/\/krzyza.strzelin.archidiecezja.wroc.pl\/wp-content\/uploads\/2016\/12\/IMG_6181-150x150.jpg\" class=\"attachment-thumbnail size-thumbnail\" alt=\"\" decoding=\"async\" loading=\"lazy\" \/><\/a>\n\t\t\t<\/dt><\/dl><dl class='gallery-item'>\n\t\t\t<dt class='gallery-icon landscape'>\n\t\t\t\t<a href='http:\/\/krzyza.strzelin.archidiecezja.wroc.pl\/wp-content\/uploads\/2016\/12\/IMG_6182.jpg' title=\"\" data-rl_title=\"\" class=\"rl-gallery-link\" data-rl_caption=\"\" data-rel=\"lightbox-gallery-1\"><img width=\"150\" height=\"150\" src=\"http:\/\/krzyza.strzelin.archidiecezja.wroc.pl\/wp-content\/uploads\/2016\/12\/IMG_6182-150x150.jpg\" class=\"attachment-thumbnail size-thumbnail\" alt=\"\" decoding=\"async\" loading=\"lazy\" \/><\/a>\n\t\t\t<\/dt><\/dl><br style=\"clear: both\" \/><dl class='gallery-item'>\n\t\t\t<dt class='gallery-icon landscape'>\n\t\t\t\t<a href='http:\/\/krzyza.strzelin.archidiecezja.wroc.pl\/wp-content\/uploads\/2016\/12\/IMG_6184.jpg' title=\"\" data-rl_title=\"\" class=\"rl-gallery-link\" data-rl_caption=\"\" data-rel=\"lightbox-gallery-1\"><img width=\"150\" height=\"150\" src=\"http:\/\/krzyza.strzelin.archidiecezja.wroc.pl\/wp-content\/uploads\/2016\/12\/IMG_6184-150x150.jpg\" class=\"attachment-thumbnail size-thumbnail\" alt=\"\" decoding=\"async\" loading=\"lazy\" \/><\/a>\n\t\t\t<\/dt><\/dl><dl class='gallery-item'>\n\t\t\t<dt class='gallery-icon portrait'>\n\t\t\t\t<a href='http:\/\/krzyza.strzelin.archidiecezja.wroc.pl\/wp-content\/uploads\/2016\/12\/IMG_6188.jpg' title=\"\" data-rl_title=\"\" class=\"rl-gallery-link\" data-rl_caption=\"\" data-rel=\"lightbox-gallery-1\"><img width=\"150\" height=\"150\" src=\"http:\/\/krzyza.strzelin.archidiecezja.wroc.pl\/wp-content\/uploads\/2016\/12\/IMG_6188-150x150.jpg\" class=\"attachment-thumbnail size-thumbnail\" alt=\"\" decoding=\"async\" loading=\"lazy\" \/><\/a>\n\t\t\t<\/dt><\/dl><dl class='gallery-item'>\n\t\t\t<dt class='gallery-icon portrait'>\n\t\t\t\t<a href='http:\/\/krzyza.strzelin.archidiecezja.wroc.pl\/wp-content\/uploads\/2016\/12\/IMG_6189.jpg' title=\"\" data-rl_title=\"\" class=\"rl-gallery-link\" data-rl_caption=\"\" data-rel=\"lightbox-gallery-1\"><img width=\"150\" height=\"150\" src=\"http:\/\/krzyza.strzelin.archidiecezja.wroc.pl\/wp-content\/uploads\/2016\/12\/IMG_6189-150x150.jpg\" class=\"attachment-thumbnail size-thumbnail\" alt=\"\" decoding=\"async\" loading=\"lazy\" \/><\/a>\n\t\t\t<\/dt><\/dl><br style=\"clear: both\" \/><dl class='gallery-item'>\n\t\t\t<dt class='gallery-icon portrait'>\n\t\t\t\t<a href='http:\/\/krzyza.strzelin.archidiecezja.wroc.pl\/wp-content\/uploads\/2016\/12\/IMG_6190.jpg' title=\"\" data-rl_title=\"\" class=\"rl-gallery-link\" data-rl_caption=\"\" data-rel=\"lightbox-gallery-1\"><img width=\"150\" height=\"150\" src=\"http:\/\/krzyza.strzelin.archidiecezja.wroc.pl\/wp-content\/uploads\/2016\/12\/IMG_6190-150x150.jpg\" class=\"attachment-thumbnail size-thumbnail\" alt=\"\" decoding=\"async\" loading=\"lazy\" \/><\/a>\n\t\t\t<\/dt><\/dl><dl class='gallery-item'>\n\t\t\t<dt class='gallery-icon landscape'>\n\t\t\t\t<a href='http:\/\/krzyza.strzelin.archidiecezja.wroc.pl\/wp-content\/uploads\/2016\/12\/IMG_6195.jpg' title=\"\" data-rl_title=\"\" class=\"rl-gallery-link\" data-rl_caption=\"\" data-rel=\"lightbox-gallery-1\"><img width=\"150\" height=\"150\" src=\"http:\/\/krzyza.strzelin.archidiecezja.wroc.pl\/wp-content\/uploads\/2016\/12\/IMG_6195-150x150.jpg\" class=\"attachment-thumbnail size-thumbnail\" alt=\"\" decoding=\"async\" loading=\"lazy\" \/><\/a>\n\t\t\t<\/dt><\/dl><dl class='gallery-item'>\n\t\t\t<dt class='gallery-icon landscape'>\n\t\t\t\t<a href='http:\/\/krzyza.strzelin.archidiecezja.wroc.pl\/wp-content\/uploads\/2016\/12\/IMG_6197.jpg' title=\"\" data-rl_title=\"\" class=\"rl-gallery-link\" data-rl_caption=\"\" data-rel=\"lightbox-gallery-1\"><img width=\"150\" height=\"150\" src=\"http:\/\/krzyza.strzelin.archidiecezja.wroc.pl\/wp-content\/uploads\/2016\/12\/IMG_6197-150x150.jpg\" class=\"attachment-thumbnail size-thumbnail\" alt=\"\" decoding=\"async\" loading=\"lazy\" \/><\/a>\n\t\t\t<\/dt><\/dl><br style=\"clear: both\" \/><dl class='gallery-item'>\n\t\t\t<dt class='gallery-icon landscape'>\n\t\t\t\t<a href='http:\/\/krzyza.strzelin.archidiecezja.wroc.pl\/wp-content\/uploads\/2016\/12\/IMG_6198.jpg' title=\"\" data-rl_title=\"\" class=\"rl-gallery-link\" data-rl_caption=\"\" data-rel=\"lightbox-gallery-1\"><img width=\"150\" height=\"150\" src=\"http:\/\/krzyza.strzelin.archidiecezja.wroc.pl\/wp-content\/uploads\/2016\/12\/IMG_6198-150x150.jpg\" class=\"attachment-thumbnail size-thumbnail\" alt=\"\" decoding=\"async\" loading=\"lazy\" \/><\/a>\n\t\t\t<\/dt><\/dl><dl class='gallery-item'>\n\t\t\t<dt class='gallery-icon portrait'>\n\t\t\t\t<a href='http:\/\/krzyza.strzelin.archidiecezja.wroc.pl\/wp-content\/uploads\/2016\/12\/IMG_6221.jpg' title=\"\" data-rl_title=\"\" class=\"rl-gallery-link\" data-rl_caption=\"\" data-rel=\"lightbox-gallery-1\"><img width=\"150\" height=\"150\" src=\"http:\/\/krzyza.strzelin.archidiecezja.wroc.pl\/wp-content\/uploads\/2016\/12\/IMG_6221-150x150.jpg\" class=\"attachment-thumbnail size-thumbnail\" alt=\"\" decoding=\"async\" loading=\"lazy\" \/><\/a>\n\t\t\t<\/dt><\/dl>\n\t\t\t<br style='clear: both' \/>\n\t\t<\/div>\n\n","protected":false},"excerpt":{"rendered":"<p>Spotkanie op\u0142atkowe Liturgicznej S\u0142u\u017cby O\u0142tarza mia\u0142o miejsce w pi\u0105tek, 23 grudnia. Ceremoniarze, lektorzy oraz ministranci wraz z ks. Przemys\u0142awem &#8211; opiekunem LSO &#8211; spotkali si\u0119, aby podzieli\u0107 si\u0119 op\u0142atkiem, z\u0142o\u017cy\u0107 \u017cyczenia oraz sp\u0119dzi\u0107 wsp\u00f3lnie czas.<\/p>\n","protected":false},"author":1,"featured_media":0,"comment_status":"open","ping_status":"open","sticky":false,"template":"","format":"standard","meta":[],"categories":[1],"tags":[],"_links":{"self":[{"href":"http:\/\/krzyza.strzelin.archidiecezja.wroc.pl\/index.php?rest_route=\/wp\/v2\/posts\/5316"}],"collection":[{"href":"http:\/\/krzyza.strzelin.archidiecezja.wroc.pl\/index.php?rest_route=\/wp\/v2\/posts"}],"about":[{"href":"http:\/\/krzyza.strzelin.archidiecezja.wroc.pl\/index.php?rest_route=\/wp\/v2\/types\/post"}],"author":[{"embeddable":true,"href":"http:\/\/krzyza.strzelin.archidiecezja.wroc.pl\/index.php?rest_route=\/wp\/v2\/users\/1"}],"replies":[{"embeddable":true,"href":"http:\/\/krzyza.strzelin.archidiecezja.wroc.pl\/index.php?rest_route=%2Fwp%2Fv2%2Fcomments&post=5316"}],"version-history":[{"count":1,"href":"http:\/\/krzyza.strzelin.archidiecezja.wroc.pl\/index.php?rest_route=\/wp\/v2\/posts\/5316\/revisions"}],"predecessor-version":[{"id":5337,"href":"http:\/\/krzyza.strzelin.archidiecezja.wroc.pl\/index.php?rest_route=\/wp\/v2\/posts\/5316\/revisions\/5337"}],"wp:attachment":[{"href":"http:\/\/krzyza.strzelin.archidiecezja.wroc.pl\/index.php?rest_route=%2Fwp%2Fv2%2Fmedia&parent=5316"}],"wp:term":[{"taxonomy":"category","embeddable":true,"href":"http:\/\/krzyza.strzelin.archidiecezja.wroc.pl\/index.php?rest_route=%2Fwp%2Fv2%2Fcategories&post=5316"},{"taxonomy":"post_tag","embeddable":true,"href":"http:\/\/krzyza.strzelin.archidiecezja.wroc.pl\/index.php?rest_route=%2Fwp%2Fv2%2Ftags&post=5316"}],"curies":[{"name":"wp","href":"https:\/\/api.w.org\/{rel}","templated":true}]}}